{"id":6297,"date":"2025-01-18T06:45:27","date_gmt":"2025-01-18T06:45:27","guid":{"rendered":"https:\/\/elfarfamiliar.com\/recuperacio-despres-dun-traumatisme-cervical-un-enfocament-holistic-amb-calor\/"},"modified":"2026-02-27T18:15:18","modified_gmt":"2026-02-27T18:15:18","slug":"recuperacio-despres-dun-traumatisme-cervical-un-enfocament-holistic-amb-calor","status":"publish","type":"post","link":"https:\/\/elfarfamiliar.com\/ca\/recuperacio-despres-dun-traumatisme-cervical-un-enfocament-holistic-amb-calor\/","title":{"rendered":"Recuperaci\u00f3 despr\u00e9s d\u2019un traumatisme cervical: un enfocament hol\u00edstic amb calor"},"content":{"rendered":"\t\t<div data-elementor-type=\"wp-post\" data-elementor-id=\"6297\" class=\"elementor elementor-6297 elementor-2801\">\n\t\t\t\t        <section class=\"elementor-section elementor-top-section elementor-element elementor-element-c0d2993 elementor-section-boxed elementor-section-height-default elementor-section-height-default pxl-row-scroll-none pxl-zoom-point-false pxl-section-overflow-visible pxl-section-fix-none pxl-bg-color-none pxl-section-overlay-none\" data-id=\"c0d2993\" data-element_type=\"section\" data-e-type=\"section\">\n\n                \n                <div class=\"elementor-container elementor-column-gap-no \">\n                <div class=\"elementor-column elementor-col-100 elementor-top-column elementor-element elementor-element-14d035d pxl-column-none pxl-column-overflow-hidden-no\" data-id=\"14d035d\" data-element_type=\"column\" data-e-type=\"column\">\r\n        <div class=\"elementor-widget-wrap elementor-element-populated\">\r\n                     \r\n        \t\t<div class=\"elementor-element elementor-element-af5285b elementor-widget elementor-widget-pxl_text_editor\" data-id=\"af5285b\" data-element_type=\"widget\" data-e-type=\"widget\" data-widget_type=\"pxl_text_editor.default\">\n\t\t\t\t<div class=\"elementor-widget-container\">\n\t\t\t\t\t<div class=\"pxl-text-editor highlight-gradient\">\n\t<div class=\"pxl-item--inner  \" data-wow-delay=\"ms\">\n\t\t<p>Els nostres programes de consultoria empresarial ajuden a desglossar el rendiment del teu negoci per clients i grups de productes, perqu\u00e8 s\u00e0pigues exactament quins clients o grups de productes funcionen i quins no, i puguis fer els canvis necessaris per obtenir els millors resultats del teu negoci.<\/p>\n\t\t\n\t<\/div>\n<\/div>\t\t\t\t<\/div>\n\t\t\t\t<\/div>\n\t\t\t\t<div class=\"elementor-element elementor-element-8cd97aa elementor-widget elementor-widget-pxl_text_editor\" data-id=\"8cd97aa\" data-element_type=\"widget\" data-e-type=\"widget\" data-widget_type=\"pxl_text_editor.default\">\n\t\t\t\t<div class=\"elementor-widget-container\">\n\t\t\t\t\t<div class=\"pxl-text-editor highlight-gradient\">\n\t<div class=\"pxl-item--inner  \" data-wow-delay=\"ms\">\n\t\t<p>Durant els darrers 35 anys hem tingut un impacte s\u00f2lid i encara ens queda molt cam\u00ed per rec\u00f3rrer.<\/p>\n\t\t\n\t<\/div>\n<\/div>\t\t\t\t<\/div>\n\t\t\t\t<\/div>\n\t\t\t\t<div class=\"elementor-element elementor-element-0281d8b elementor-widget elementor-widget-pxl_text_editor\" data-id=\"0281d8b\" data-element_type=\"widget\" data-e-type=\"widget\" data-widget_type=\"pxl_text_editor.default\">\n\t\t\t\t<div class=\"elementor-widget-container\">\n\t\t\t\t\t<div class=\"pxl-text-editor highlight-gradient\">\n\t<div class=\"pxl-item--inner  \" data-wow-delay=\"ms\">\n\t\t<p>Aquests s\u00f3n els conceptes que donen forma a la nostra cultura distintiva i ens diferencien dels altres. Alimenten l\u2019esperit de la nostra firma i guien els comportaments que ens permeten complir les promeses que fem als nostres clients i al nostre equip. <\/p>\n\t\t\n\t<\/div>\n<\/div>\t\t\t\t<\/div>\n\t\t\t\t<\/div>\n\t\t\t\t<div class=\"elementor-element elementor-element-2962515 elementor-widget elementor-widget-pxl_heading\" data-id=\"2962515\" data-element_type=\"widget\" data-e-type=\"widget\" data-widget_type=\"pxl_heading.default\">\n\t\t\t\t<div class=\"elementor-widget-container\">\n\t\t\t\t\t\n<div id=\"pxl-pxl_heading-2962515-7456\" class=\"pxl-heading px-sub-title-default-style \">\n\t<div class=\"pxl-heading--inner\">\n\t\t\n\t\t<h3 class=\"pxl-item--title style-1 highlight-default \" data-wow-delay=\"ms\">\n\n\t\t\t<span class=\"pxl-heading--text\">\n\n\t\t\t\t\t\t\t\t\tValors empresarials d\u2019Aramco\t\n\t\t\t\t\t\n\n\t\t\t<\/span>\n\t\t<\/h3>\n\t\t\n\t<\/div>\n<\/div>\t\t\t\t<\/div>\n\t\t\t\t<\/div>\n\t\t\t\t<div class=\"elementor-element elementor-element-86a3ba0 elementor-widget elementor-widget-pxl_text_editor\" data-id=\"86a3ba0\" data-element_type=\"widget\" data-e-type=\"widget\" data-widget_type=\"pxl_text_editor.default\">\n\t\t\t\t<div class=\"elementor-widget-container\">\n\t\t\t\t\t<div class=\"pxl-text-editor highlight-gradient\">\n\t<div class=\"pxl-item--inner  \" data-wow-delay=\"ms\">\n\t\t<p>A Aramco, la nostra cultura pren vida a trav\u00e9s de tres valors fonamentals:<\/p>\n\t\t\n\t<\/div>\n<\/div>\t\t\t\t<\/div>\n\t\t\t\t<\/div>\n\t\t\t\t<div class=\"elementor-element elementor-element-a869b46 elementor-widget elementor-widget-pxl_list\" data-id=\"a869b46\" data-element_type=\"widget\" data-e-type=\"widget\" data-widget_type=\"pxl_list.default\">\n\t\t\t\t<div class=\"elementor-widget-container\">\n\t\t\t\t\t    <div class=\"pxl-list pxl-list1 style-2 \" data-wow-delay=\"ms\">\r\n                    <div class=\"pxl--item\">\r\n                <div class=\"pxl-item--meta\">\r\n                                            <div class=\"pxl-item--icon \">\r\n                            <i aria-hidden=\"true\" class=\"fas fa-check\"><\/i>                        <\/div>\r\n                                                        <\/div>\r\n                                    <div class=\"pxl-item--content\">\r\n                        <label class=\"pxl-empty\"><\/label>\r\n                        Aprofitem les oportunitats per innovar i cr\u00e9ixer                    <\/div>\r\n                            <\/div>\r\n                    <div class=\"pxl--item\">\r\n                <div class=\"pxl-item--meta\">\r\n                                            <div class=\"pxl-item--icon \">\r\n                            <i aria-hidden=\"true\" class=\"fas fa-check\"><\/i>                        <\/div>\r\n                                                        <\/div>\r\n                                    <div class=\"pxl-item--content\">\r\n                        <label class=\"pxl-empty\"><\/label>\r\n                        Som una sola firma amb un sentit de prop\u00f2sit compartit                    <\/div>\r\n                            <\/div>\r\n                    <div class=\"pxl--item\">\r\n                <div class=\"pxl-item--meta\">\r\n                                            <div class=\"pxl-item--icon \">\r\n                            <i aria-hidden=\"true\" class=\"fas fa-check\"><\/i>                        <\/div>\r\n                                                        <\/div>\r\n                                    <div class=\"pxl-item--content\">\r\n                        <label class=\"pxl-empty\"><\/label>\r\n                        Ens cuidem els uns als altres i del m\u00f3n que ens envolta                    <\/div>\r\n                            <\/div>\r\n            <\/div>\r\n\t\t\t\t<\/div>\n\t\t\t\t<\/div>\n\t\t        <section class=\"elementor-section elementor-inner-section elementor-element elementor-element-2b0b62e elementor-section-boxed elementor-section-height-default elementor-section-height-default pxl-row-scroll-none pxl-zoom-point-false pxl-section-overflow-visible pxl-section-fix-none pxl-bg-color-none pxl-section-overlay-none\" data-id=\"2b0b62e\" data-element_type=\"section\" data-e-type=\"section\">\n\n                \n                <div class=\"elementor-container elementor-column-gap-no \">\n                <div class=\"elementor-column elementor-col-100 elementor-inner-column elementor-element elementor-element-b261c83 pxl-column-none pxl-column-overflow-hidden-no\" data-id=\"b261c83\" data-element_type=\"column\" data-e-type=\"column\">\r\n        <div class=\"elementor-widget-wrap elementor-element-populated\">\r\n                     \r\n        \t\t<div class=\"elementor-element elementor-element-f899f6a elementor-widget__width-auto elementor-widget elementor-widget-pxl_image\" data-id=\"f899f6a\" data-element_type=\"widget\" data-e-type=\"widget\" data-widget_type=\"pxl_image.default\">\n\t\t\t\t<div class=\"elementor-widget-container\">\n\t\t\t\t\t<div id=\"pxl_image-f899f6a-4010\" class=\"pxl-image-single pxl-disable-parallax-sm   style-1\" data-wow-delay=\"ms\"  >\r\n    <div class=\"pxl-item--inner\" data-wow-delay=\"120ms\">\r\n                \r\n                                <div class=\"pxl-item--image\" data-parallax-value=\"\">\r\n                                                    <img fetchpriority=\"high\" decoding=\"async\" class=\"no-lazyload \" src=\"https:\/\/elfarfamiliar.com\/wp-content\/uploads\/2024\/11\/bg1-ss2-h1-scaled-394x277.webp\" width=\"394\" height=\"277\" alt=\"bg1-ss2-h1\" title=\"bg1-ss2-h1\" \/>                                                                    <\/div>\r\n                                <\/div>\r\n<\/div>\t\t\t\t<\/div>\n\t\t\t\t<\/div>\n\t\t\t\t<div class=\"elementor-element elementor-element-24caff3 elementor-widget__width-auto elementor-widget elementor-widget-pxl_image\" data-id=\"24caff3\" data-element_type=\"widget\" data-e-type=\"widget\" data-widget_type=\"pxl_image.default\">\n\t\t\t\t<div class=\"elementor-widget-container\">\n\t\t\t\t\t<div id=\"pxl_image-24caff3-2825\" class=\"pxl-image-single pxl-disable-parallax-sm   style-1\" data-wow-delay=\"ms\"  >\r\n    <div class=\"pxl-item--inner\" data-wow-delay=\"120ms\">\r\n                \r\n                                <div class=\"pxl-item--image\" data-parallax-value=\"\">\r\n                                                    <img decoding=\"async\" class=\"no-lazyload \" src=\"https:\/\/elfarfamiliar.com\/wp-content\/uploads\/2024\/12\/img-2-h2-394x277.webp\" width=\"394\" height=\"277\" alt=\"img-2-h2\" title=\"img-2-h2\" \/>                                                                    <\/div>\r\n                                <\/div>\r\n<\/div>\t\t\t\t<\/div>\n\t\t\t\t<\/div>\n\t\t\t\t<div class=\"elementor-element elementor-element-79c8247 elementor-widget elementor-widget-pxl_text_editor\" data-id=\"79c8247\" data-element_type=\"widget\" data-e-type=\"widget\" data-widget_type=\"pxl_text_editor.default\">\n\t\t\t\t<div class=\"elementor-widget-container\">\n\t\t\t\t\t<div class=\"pxl-text-editor highlight-gradient\">\n\t<div class=\"pxl-item--inner  \" data-wow-delay=\"ms\">\n\t\t<p>Acompanyem els nostres clients en q\u00fcestions dif\u00edcils, aportant la nostra visi\u00f3 i criteri a cada situaci\u00f3. Els nostres enfocaments innovadors creen solucions originals per als acords i disputes m\u00e9s complexos dels nostres clients, tant nacionals com multijurisdiccionals. <\/p>\n\t\t\n\t<\/div>\n<\/div>\t\t\t\t<\/div>\n\t\t\t\t<\/div>\n\t\t\t\t<div class=\"elementor-element elementor-element-b2c97e0 elementor-widget elementor-widget-pxl_text_editor\" data-id=\"b2c97e0\" data-element_type=\"widget\" data-e-type=\"widget\" data-widget_type=\"pxl_text_editor.default\">\n\t\t\t\t<div class=\"elementor-widget-container\">\n\t\t\t\t\t<div class=\"pxl-text-editor highlight-gradient\">\n\t<div class=\"pxl-item--inner  \" data-wow-delay=\"ms\">\n\t\t<p>Pensant cada dia en els nostres clients, anticipem el que volen, oferim el que necessiten i constru\u00efm relacions duradores. Aquests s\u00f3n els conceptes que donen forma a la nostra cultura distintiva i ens diferencien dels altres. <\/p>\n\t\t\n\t<\/div>\n<\/div>\t\t\t\t<\/div>\n\t\t\t\t<\/div>\n\t\t\t\t<div class=\"elementor-element elementor-element-a1fa2b8 elementor-widget elementor-widget-pxl_video_player\" data-id=\"a1fa2b8\" data-element_type=\"widget\" data-e-type=\"widget\" data-widget_type=\"pxl_video_player.default\">\n\t\t\t\t<div class=\"elementor-widget-container\">\n\t\t\t\t\t<div class=\"pxl-video-player pxl-video-player1 pxl-video-style2 \" data-wow-delay=\"ms\">\r\n    <div class=\"pxl-video--inner\">\r\n                    <div class=\"pxl-video--holder\">\r\n                                    <div class=\"pxl-video--imagebg  bg\">\r\n                        <div class=\"bg-image\" style=\"background-image: url(https:\/\/elfarfamiliar.com\/wp-content\/uploads\/2024\/12\/img-post3.webp);\"><\/div>\r\n                    <\/div>\r\n                            <\/div>\r\n                            <div class=\"btn-video-wrap p-center\">\r\n                <a class=\"pxl-btn-video pxl-action-popup style2\" href=\"https:\/\/www.youtube.com\/watch?v=SF4aHwxHtZ0\" target=\"_blank\" rel=\"noopener\">\r\n                                            <i aria-hidden=\"true\" class=\"fas fa-play\"><\/i>                                    <\/a>\r\n            <\/div>\r\n                            <\/div>\r\n<\/div>\t\t\t\t<\/div>\n\t\t\t\t<\/div>\n\t\t\t\t<div class=\"elementor-element elementor-element-ecec1a3 elementor-widget elementor-widget-pxl_text_editor\" data-id=\"ecec1a3\" data-element_type=\"widget\" data-e-type=\"widget\" data-widget_type=\"pxl_text_editor.default\">\n\t\t\t\t<div class=\"elementor-widget-container\">\n\t\t\t\t\t<div class=\"pxl-text-editor highlight-gradient\">\n\t<div class=\"pxl-item--inner  \" data-wow-delay=\"ms\">\n\t\t<p>Pensant cada dia en els nostres clients, anticipem el que volen, oferim el que necessiten i constru\u00efm relacions duradores. Aquests s\u00f3n els conceptes que donen forma a la nostra cultura distintiva i ens diferencien dels altres. <\/p>\n\t\t\n\t<\/div>\n<\/div>\t\t\t\t<\/div>\n\t\t\t\t<\/div>\n\t\t\t\t<div class=\"elementor-element elementor-element-27ce2e5 elementor-widget elementor-widget-pxl_text_editor\" data-id=\"27ce2e5\" data-element_type=\"widget\" data-e-type=\"widget\" data-widget_type=\"pxl_text_editor.default\">\n\t\t\t\t<div class=\"elementor-widget-container\">\n\t\t\t\t\t<div class=\"pxl-text-editor highlight-gradient\">\n\t<div class=\"pxl-item--inner  \" data-wow-delay=\"ms\">\n\t\t<p>Acompanyem els nostres clients en q\u00fcestions dif\u00edcils, aportant la nostra visi\u00f3 i criteri a cada situaci\u00f3. Els nostres enfocaments innovadors creen solucions originals per als nostres clients <\/p>\n\t\t\n\t<\/div>\n<\/div>\t\t\t\t<\/div>\n\t\t\t\t<\/div>\n\t\t            <\/div>\r\n        <\/div>\r\n        \t\t\t<\/div>\n\t\t<\/section>\n\t\t            <\/div>\r\n        <\/div>\r\n        \t\t\t<\/div>\n\t\t<\/section>\n\t\t\t\t<\/div>\n\t\t","protected":false},"excerpt":{"rendered":"<p>Per als nostres pacients amb afectacions derivades d\u2019una lesi\u00f3 o malaltia que afecta el sistema nervi\u00f3s.<\/p>\n","protected":false},"author":1,"featured_media":6298,"comment_status":"open","ping_status":"open","sticky":false,"template":"","format":"standard","meta":{"_joinchat":[],"footnotes":""},"categories":[68,72],"tags":[70,71],"class_list":["post-6297","post","type-post","status-publish","format-standard","has-post-thumbnail","hentry","category-consulta","category-finances","tag-atencio-sanitaria","tag-terapia"],"_links":{"self":[{"href":"https:\/\/elfarfamiliar.com\/ca\/wp-json\/wp\/v2\/posts\/6297","targetHints":{"allow":["GET"]}}],"collection":[{"href":"https:\/\/elfarfamiliar.com\/ca\/wp-json\/wp\/v2\/posts"}],"about":[{"href":"https:\/\/elfarfamiliar.com\/ca\/wp-json\/wp\/v2\/types\/post"}],"author":[{"embeddable":true,"href":"https:\/\/elfarfamiliar.com\/ca\/wp-json\/wp\/v2\/users\/1"}],"replies":[{"embeddable":true,"href":"https:\/\/elfarfamiliar.com\/ca\/wp-json\/wp\/v2\/comments?post=6297"}],"version-history":[{"count":1,"href":"https:\/\/elfarfamiliar.com\/ca\/wp-json\/wp\/v2\/posts\/6297\/revisions"}],"predecessor-version":[{"id":6299,"href":"https:\/\/elfarfamiliar.com\/ca\/wp-json\/wp\/v2\/posts\/6297\/revisions\/6299"}],"wp:featuredmedia":[{"embeddable":true,"href":"https:\/\/elfarfamiliar.com\/ca\/wp-json\/wp\/v2\/media\/6298"}],"wp:attachment":[{"href":"https:\/\/elfarfamiliar.com\/ca\/wp-json\/wp\/v2\/media?parent=6297"}],"wp:term":[{"taxonomy":"category","embeddable":true,"href":"https:\/\/elfarfamiliar.com\/ca\/wp-json\/wp\/v2\/categories?post=6297"},{"taxonomy":"post_tag","embeddable":true,"href":"https:\/\/elfarfamiliar.com\/ca\/wp-json\/wp\/v2\/tags?post=6297"}],"curies":[{"name":"wp","href":"https:\/\/api.w.org\/{rel}","templated":true}]}}