{"id":6282,"date":"2024-12-28T08:40:52","date_gmt":"2024-12-28T08:40:52","guid":{"rendered":"https:\/\/elfarfamiliar.com\/alleujament-del-dolor-de-coll-per-a-una-persona-de-26-anys-amb-terapia-de-calor-i-acupuntura\/"},"modified":"2026-02-27T18:14:51","modified_gmt":"2026-02-27T18:14:51","slug":"alleujament-del-dolor-de-coll-per-a-una-persona-de-26-anys-amb-terapia-de-calor-i-acupuntura","status":"publish","type":"post","link":"https:\/\/elfarfamiliar.com\/ca\/alleujament-del-dolor-de-coll-per-a-una-persona-de-26-anys-amb-terapia-de-calor-i-acupuntura\/","title":{"rendered":"Alleujament del dolor de coll per a una persona de 26 anys amb ter\u00e0pia de calor i acupuntura"},"content":{"rendered":"\t\t<div data-elementor-type=\"wp-post\" data-elementor-id=\"6282\" class=\"elementor elementor-6282 elementor-2407\">\n\t\t\t\t        <section class=\"elementor-section elementor-top-section elementor-element elementor-element-1a4b1be elementor-section-boxed elementor-section-height-default elementor-section-height-default pxl-row-scroll-none pxl-zoom-point-false pxl-section-overflow-visible pxl-section-fix-none pxl-bg-color-none pxl-section-overlay-none\" data-id=\"1a4b1be\" data-element_type=\"section\" data-e-type=\"section\">\n\n                \n                <div class=\"elementor-container elementor-column-gap-no \">\n                <div class=\"elementor-column elementor-col-100 elementor-top-column elementor-element elementor-element-e264314 pxl-column-none pxl-column-overflow-hidden-no\" data-id=\"e264314\" data-element_type=\"column\" data-e-type=\"column\">\r\n        <div class=\"elementor-widget-wrap elementor-element-populated\">\r\n                     \r\n        \t\t<div class=\"elementor-element elementor-element-950ed91 elementor-widget elementor-widget-pxl_text_editor\" data-id=\"950ed91\" data-element_type=\"widget\" data-e-type=\"widget\" data-widget_type=\"pxl_text_editor.default\">\n\t\t\t\t<div class=\"elementor-widget-container\">\n\t\t\t\t\t<div class=\"pxl-text-editor highlight-gradient\">\n\t<div class=\"pxl-item--inner  \" data-wow-delay=\"ms\">\n\t\t<p>Els nostres programes de consultoria empresarial ajuden a desglossar el rendiment del vostre negoci en grups de clients i productes perqu\u00e8 sapigueu exactament quins clients o grups de productes funcionen i quins no, i pugueu fer els canvis necessaris per obtenir els millors resultats del vostre negoci.<\/p>\n\t\t\n\t<\/div>\n<\/div>\t\t\t\t<\/div>\n\t\t\t\t<\/div>\n\t\t\t\t<div class=\"elementor-element elementor-element-56e6499 elementor-widget elementor-widget-pxl_text_editor\" data-id=\"56e6499\" data-element_type=\"widget\" data-e-type=\"widget\" data-widget_type=\"pxl_text_editor.default\">\n\t\t\t\t<div class=\"elementor-widget-container\">\n\t\t\t\t\t<div class=\"pxl-text-editor highlight-gradient\">\n\t<div class=\"pxl-item--inner  \" data-wow-delay=\"ms\">\n\t\t<p>Durant els darrers 35 anys hem tingut un impacte fort i encara ens queda molt cam\u00ed per rec\u00f3rrer.<\/p>\n\t\t\n\t<\/div>\n<\/div>\t\t\t\t<\/div>\n\t\t\t\t<\/div>\n\t\t\t\t<div class=\"elementor-element elementor-element-6925c3e elementor-widget elementor-widget-pxl_text_editor\" data-id=\"6925c3e\" data-element_type=\"widget\" data-e-type=\"widget\" data-widget_type=\"pxl_text_editor.default\">\n\t\t\t\t<div class=\"elementor-widget-container\">\n\t\t\t\t\t<div class=\"pxl-text-editor highlight-gradient\">\n\t<div class=\"pxl-item--inner  \" data-wow-delay=\"ms\">\n\t\t<p>Aquests s\u00f3n els conceptes que configuren la nostra cultura distintiva i ens diferencien dels altres. Aquests conceptes configuren l&#8217;esperit de la nostra empresa i guien els comportaments que ens permeten complir les promeses que fem als nostres clients i a la nostra gent.<\/p>\n\t\t\n\t<\/div>\n<\/div>\t\t\t\t<\/div>\n\t\t\t\t<\/div>\n\t\t\t\t<div class=\"elementor-element elementor-element-da8b2c0 elementor-widget elementor-widget-pxl_heading\" data-id=\"da8b2c0\" data-element_type=\"widget\" data-e-type=\"widget\" data-widget_type=\"pxl_heading.default\">\n\t\t\t\t<div class=\"elementor-widget-container\">\n\t\t\t\t\t\n<div id=\"pxl-pxl_heading-da8b2c0-4737\" class=\"pxl-heading px-sub-title-default-style \">\n\t<div class=\"pxl-heading--inner\">\n\t\t\n\t\t<h3 class=\"pxl-item--title style-1 highlight-default \" data-wow-delay=\"ms\">\n\n\t\t\t<span class=\"pxl-heading--text\">\n\n\t\t\t\t\t\t\t\t\tValors empresarials d&#8217;Aramco\t\n\t\t\t\t\t\n\n\t\t\t<\/span>\n\t\t<\/h3>\n\t\t\n\t<\/div>\n<\/div>\t\t\t\t<\/div>\n\t\t\t\t<\/div>\n\t\t\t\t<div class=\"elementor-element elementor-element-69df8ae elementor-widget elementor-widget-pxl_text_editor\" data-id=\"69df8ae\" data-element_type=\"widget\" data-e-type=\"widget\" data-widget_type=\"pxl_text_editor.default\">\n\t\t\t\t<div class=\"elementor-widget-container\">\n\t\t\t\t\t<div class=\"pxl-text-editor highlight-gradient\">\n\t<div class=\"pxl-item--inner  \" data-wow-delay=\"ms\">\n\t\t<p>A Aramco, la nostra cultura pren vida a trav\u00e9s de tres valors fonamentals:<\/p>\n\t\t\n\t<\/div>\n<\/div>\t\t\t\t<\/div>\n\t\t\t\t<\/div>\n\t\t\t\t<div class=\"elementor-element elementor-element-99384c3 elementor-widget elementor-widget-pxl_list\" data-id=\"99384c3\" data-element_type=\"widget\" data-e-type=\"widget\" data-widget_type=\"pxl_list.default\">\n\t\t\t\t<div class=\"elementor-widget-container\">\n\t\t\t\t\t    <div class=\"pxl-list pxl-list1 style-2 \" data-wow-delay=\"ms\">\r\n                    <div class=\"pxl--item\">\r\n                <div class=\"pxl-item--meta\">\r\n                                            <div class=\"pxl-item--icon \">\r\n                            <i aria-hidden=\"true\" class=\"fas fa-check\"><\/i>                        <\/div>\r\n                                                        <\/div>\r\n                                    <div class=\"pxl-item--content\">\r\n                        <label class=\"pxl-empty\"><\/label>\r\n                        Aprofitem les oportunitats per innovar i cr\u00e9ixer                    <\/div>\r\n                            <\/div>\r\n                    <div class=\"pxl--item\">\r\n                <div class=\"pxl-item--meta\">\r\n                                            <div class=\"pxl-item--icon \">\r\n                            <i aria-hidden=\"true\" class=\"fas fa-check\"><\/i>                        <\/div>\r\n                                                        <\/div>\r\n                                    <div class=\"pxl-item--content\">\r\n                        <label class=\"pxl-empty\"><\/label>\r\n                        Som una \u00fanica empresa amb un sentit de prop\u00f2sit compartit                    <\/div>\r\n                            <\/div>\r\n                    <div class=\"pxl--item\">\r\n                <div class=\"pxl-item--meta\">\r\n                                            <div class=\"pxl-item--icon \">\r\n                            <i aria-hidden=\"true\" class=\"fas fa-check\"><\/i>                        <\/div>\r\n                                                        <\/div>\r\n                                    <div class=\"pxl-item--content\">\r\n                        <label class=\"pxl-empty\"><\/label>\r\n                        Ens preocupem els uns pels altres i pel m\u00f3n que ens envolta                    <\/div>\r\n                            <\/div>\r\n            <\/div>\r\n\t\t\t\t<\/div>\n\t\t\t\t<\/div>\n\t\t        <section class=\"elementor-section elementor-inner-section elementor-element elementor-element-8027ab9 elementor-section-boxed elementor-section-height-default elementor-section-height-default pxl-row-scroll-none pxl-zoom-point-false pxl-section-overflow-visible pxl-section-fix-none pxl-bg-color-none pxl-section-overlay-none\" data-id=\"8027ab9\" data-element_type=\"section\" data-e-type=\"section\">\n\n                \n                <div class=\"elementor-container elementor-column-gap-no \">\n                <div class=\"elementor-column elementor-col-100 elementor-inner-column elementor-element elementor-element-ce416f4 pxl-column-none pxl-column-overflow-hidden-no\" data-id=\"ce416f4\" data-element_type=\"column\" data-e-type=\"column\">\r\n        <div class=\"elementor-widget-wrap elementor-element-populated\">\r\n                     \r\n        \t\t<div class=\"elementor-element elementor-element-05e697d elementor-widget__width-auto elementor-widget elementor-widget-pxl_image\" data-id=\"05e697d\" data-element_type=\"widget\" data-e-type=\"widget\" data-widget_type=\"pxl_image.default\">\n\t\t\t\t<div class=\"elementor-widget-container\">\n\t\t\t\t\t<div id=\"pxl_image-05e697d-6504\" class=\"pxl-image-single pxl-disable-parallax-sm   style-1\" data-wow-delay=\"ms\"  >\r\n    <div class=\"pxl-item--inner\" data-wow-delay=\"120ms\">\r\n                \r\n                                <div class=\"pxl-item--image\" data-parallax-value=\"\">\r\n                                                    <img fetchpriority=\"high\" decoding=\"async\" class=\"no-lazyload \" src=\"https:\/\/elfarfamiliar.com\/wp-content\/uploads\/2024\/11\/bg1-ss2-h1-scaled-394x277.webp\" width=\"394\" height=\"277\" alt=\"bg1-ss2-h1\" title=\"bg1-ss2-h1\" \/>                                                                    <\/div>\r\n                                <\/div>\r\n<\/div>\t\t\t\t<\/div>\n\t\t\t\t<\/div>\n\t\t\t\t<div class=\"elementor-element elementor-element-d257ea5 elementor-widget__width-auto elementor-widget elementor-widget-pxl_image\" data-id=\"d257ea5\" data-element_type=\"widget\" data-e-type=\"widget\" data-widget_type=\"pxl_image.default\">\n\t\t\t\t<div class=\"elementor-widget-container\">\n\t\t\t\t\t<div id=\"pxl_image-d257ea5-9979\" class=\"pxl-image-single pxl-disable-parallax-sm   style-1\" data-wow-delay=\"ms\"  >\r\n    <div class=\"pxl-item--inner\" data-wow-delay=\"120ms\">\r\n                \r\n                                <div class=\"pxl-item--image\" data-parallax-value=\"\">\r\n                                                    <img decoding=\"async\" class=\"no-lazyload \" src=\"https:\/\/elfarfamiliar.com\/wp-content\/uploads\/2024\/12\/img-2-h2-394x277.webp\" width=\"394\" height=\"277\" alt=\"img-2-h2\" title=\"img-2-h2\" \/>                                                                    <\/div>\r\n                                <\/div>\r\n<\/div>\t\t\t\t<\/div>\n\t\t\t\t<\/div>\n\t\t\t\t<div class=\"elementor-element elementor-element-90e5080 elementor-widget elementor-widget-pxl_text_editor\" data-id=\"90e5080\" data-element_type=\"widget\" data-e-type=\"widget\" data-widget_type=\"pxl_text_editor.default\">\n\t\t\t\t<div class=\"elementor-widget-container\">\n\t\t\t\t\t<div class=\"pxl-text-editor highlight-gradient\">\n\t<div class=\"pxl-item--inner  \" data-wow-delay=\"ms\">\n\t\t<p>Gu\u00edem els nostres clients a trav\u00e9s de q\u00fcestions dif\u00edcils, aportant la nostra visi\u00f3 i criteri a cada situaci\u00f3. Els nostres enfocaments innovadors creen solucions originals per als acords i disputes nacionals i multijurisdiccionals m\u00e9s complexos dels nostres clients.<\/p>\n\t\t\n\t<\/div>\n<\/div>\t\t\t\t<\/div>\n\t\t\t\t<\/div>\n\t\t\t\t<div class=\"elementor-element elementor-element-c738ffa elementor-widget elementor-widget-pxl_text_editor\" data-id=\"c738ffa\" data-element_type=\"widget\" data-e-type=\"widget\" data-widget_type=\"pxl_text_editor.default\">\n\t\t\t\t<div class=\"elementor-widget-container\">\n\t\t\t\t\t<div class=\"pxl-text-editor highlight-gradient\">\n\t<div class=\"pxl-item--inner  \" data-wow-delay=\"ms\">\n\t\t<p>Pensant en els nostres clients cada dia, anticipem el que volen, proporcionem el que necessiten i constru\u00efm relacions duradores. Aquests s\u00f3n els conceptes que configuren la nostra cultura distintiva i ens diferencien dels altres.<\/p>\n\t\t\n\t<\/div>\n<\/div>\t\t\t\t<\/div>\n\t\t\t\t<\/div>\n\t\t\t\t<div class=\"elementor-element elementor-element-32bfe85 elementor-widget elementor-widget-pxl_video_player\" data-id=\"32bfe85\" data-element_type=\"widget\" data-e-type=\"widget\" data-widget_type=\"pxl_video_player.default\">\n\t\t\t\t<div class=\"elementor-widget-container\">\n\t\t\t\t\t<div class=\"pxl-video-player pxl-video-player1 pxl-video-style2 \" data-wow-delay=\"ms\">\r\n    <div class=\"pxl-video--inner\">\r\n                    <div class=\"pxl-video--holder\">\r\n                                    <div class=\"pxl-video--imagebg  bg\">\r\n                        <div class=\"bg-image\" style=\"background-image: url(https:\/\/elfarfamiliar.com\/wp-content\/uploads\/2024\/12\/img-post3.webp);\"><\/div>\r\n                    <\/div>\r\n                            <\/div>\r\n                            <div class=\"btn-video-wrap p-center\">\r\n                <a class=\"pxl-btn-video pxl-action-popup style2\" href=\"https:\/\/www.youtube.com\/watch?v=SF4aHwxHtZ0\" target=\"_blank\" rel=\"noopener\">\r\n                                            <i aria-hidden=\"true\" class=\"fas fa-play\"><\/i>                                    <\/a>\r\n            <\/div>\r\n                            <\/div>\r\n<\/div>\t\t\t\t<\/div>\n\t\t\t\t<\/div>\n\t\t\t\t<div class=\"elementor-element elementor-element-7616d62 elementor-widget elementor-widget-pxl_text_editor\" data-id=\"7616d62\" data-element_type=\"widget\" data-e-type=\"widget\" data-widget_type=\"pxl_text_editor.default\">\n\t\t\t\t<div class=\"elementor-widget-container\">\n\t\t\t\t\t<div class=\"pxl-text-editor highlight-gradient\">\n\t<div class=\"pxl-item--inner  \" data-wow-delay=\"ms\">\n\t\t<p>Pensant en els nostres clients cada dia, anticipem el que volen, proporcionem el que necessiten i constru\u00efm relacions duradores. Aquests s\u00f3n els conceptes que configuren la nostra cultura distintiva i ens diferencien dels altres.<\/p>\n\t\t\n\t<\/div>\n<\/div>\t\t\t\t<\/div>\n\t\t\t\t<\/div>\n\t\t\t\t<div class=\"elementor-element elementor-element-f32699c elementor-widget elementor-widget-pxl_text_editor\" data-id=\"f32699c\" data-element_type=\"widget\" data-e-type=\"widget\" data-widget_type=\"pxl_text_editor.default\">\n\t\t\t\t<div class=\"elementor-widget-container\">\n\t\t\t\t\t<div class=\"pxl-text-editor highlight-gradient\">\n\t<div class=\"pxl-item--inner  \" data-wow-delay=\"ms\">\n\t\t<p>Gu\u00edem els nostres clients a trav\u00e9s de q\u00fcestions dif\u00edcils, aportant la nostra visi\u00f3 i criteri a cada situaci\u00f3. Els nostres enfocaments innovadors creen solucions originals per als nostres clients<\/p>\n\t\t\n\t<\/div>\n<\/div>\t\t\t\t<\/div>\n\t\t\t\t<\/div>\n\t\t            <\/div>\r\n        <\/div>\r\n        \t\t\t<\/div>\n\t\t<\/section>\n\t\t            <\/div>\r\n        <\/div>\r\n        \t\t\t<\/div>\n\t\t<\/section>\n\t\t\t\t<\/div>\n\t\t","protected":false},"excerpt":{"rendered":"<p>Per als nostres pacients amb defici\u00e8ncies resultants de lesions o malalties que afecten el sistema nervi\u00f3s.<\/p>\n","protected":false},"author":1,"featured_media":6284,"comment_status":"open","ping_status":"open","sticky":false,"template":"","format":"standard","meta":{"_joinchat":[],"footnotes":""},"categories":[67,68,69,1],"tags":[70,71],"class_list":["post-6282","post","type-post","status-publish","format-standard","has-post-thumbnail","hentry","category-campanya","category-consulta","category-marqueting","category-sin-categorizar","tag-atencio-sanitaria","tag-terapia"],"_links":{"self":[{"href":"https:\/\/elfarfamiliar.com\/ca\/wp-json\/wp\/v2\/posts\/6282","targetHints":{"allow":["GET"]}}],"collection":[{"href":"https:\/\/elfarfamiliar.com\/ca\/wp-json\/wp\/v2\/posts"}],"about":[{"href":"https:\/\/elfarfamiliar.com\/ca\/wp-json\/wp\/v2\/types\/post"}],"author":[{"embeddable":true,"href":"https:\/\/elfarfamiliar.com\/ca\/wp-json\/wp\/v2\/users\/1"}],"replies":[{"embeddable":true,"href":"https:\/\/elfarfamiliar.com\/ca\/wp-json\/wp\/v2\/comments?post=6282"}],"version-history":[{"count":1,"href":"https:\/\/elfarfamiliar.com\/ca\/wp-json\/wp\/v2\/posts\/6282\/revisions"}],"predecessor-version":[{"id":6285,"href":"https:\/\/elfarfamiliar.com\/ca\/wp-json\/wp\/v2\/posts\/6282\/revisions\/6285"}],"wp:featuredmedia":[{"embeddable":true,"href":"https:\/\/elfarfamiliar.com\/ca\/wp-json\/wp\/v2\/media\/6284"}],"wp:attachment":[{"href":"https:\/\/elfarfamiliar.com\/ca\/wp-json\/wp\/v2\/media?parent=6282"}],"wp:term":[{"taxonomy":"category","embeddable":true,"href":"https:\/\/elfarfamiliar.com\/ca\/wp-json\/wp\/v2\/categories?post=6282"},{"taxonomy":"post_tag","embeddable":true,"href":"https:\/\/elfarfamiliar.com\/ca\/wp-json\/wp\/v2\/tags?post=6282"}],"curies":[{"name":"wp","href":"https:\/\/api.w.org\/{rel}","templated":true}]}}